{"id":564,"date":"2017-05-04T11:50:43","date_gmt":"2017-05-04T11:50:43","guid":{"rendered":"http:\/\/www.hiperactividadmedicosypacientes.com\/?p=564"},"modified":"2017-08-01T09:57:09","modified_gmt":"2017-08-01T09:57:09","slug":"la-dtra-heraso-publica-la-2a-parte-de-viajeros-en-transito-con-el-objetivo-de-poder-ayudar-a-todas-las-personas-que-reflexionan-sobre-la-enfermedad-de-un-hij","status":"publish","type":"post","link":"https:\/\/www.hiperactividadmedicosypacientes.com\/?p=564","title":{"rendered":"La Dtra Heraso publica la \u201c2\u00aa parte de Viajeros en Tr\u00e1nsito\u201d con el objetivo de poder ayudar a todas las personas  que reflexionan sobre la enfermedad de un hij@"},"content":{"rendered":"<p><span style=\"font-size: 14pt; font-family: verdana, geneva, sans-serif;\"><strong>Pregunta pol\u00e9mica: \u00bfPor qu\u00e9 coincidimos en el tiempo? \u00bfQui\u00e9n invent\u00f3 el reloj? <\/strong><\/span><\/p>\n<p><span style=\"font-size: 14pt; font-family: verdana, geneva, sans-serif;\">En su nuevo libro \u201c2\u00aa parte de Viajeros en Tr\u00e1nsito\u201d la Doctora Heraso pretende ayudar a todos los padres y familias que se encuentran con la dram\u00e1tica situaci\u00f3n de tener que ver como un hijo presenta una larga enfermedad y se pregunta por qu\u00e9. Por qu\u00e9 ocurre esta situaci\u00f3n tan dram\u00e1tica. De hecho esta cl\u00ednico ha tenido que luchar con muchos de estos temas para los que NO se encuentra una explicaci\u00f3n l\u00f3gica. <strong>&#8220;Los ni\u00f1os \u00a0son nuestros Maestros, te demuestran que la medicina, la f\u00edsica, la ciencia de nada sirve. Hay algo m\u00e1s grande que todo eso&#8221;<\/strong>, se\u00f1ala esta experta.<\/span><\/p>\n<p><!--more--><\/p>\n<p>&nbsp;<\/p>\n<p><span style=\"font-size: 14pt; font-family: verdana, geneva, sans-serif;\"><div id=\"wpfp_9fc27412533dc77f1569652ca7e81f43\" data-item=\"{&quot;sources&quot;:[{&quot;src&quot;:&quot;http:\\\/\\\/www.hiperactividadmedicosypacientes.com\\\/wp-content\\\/uploads\\\/2017\\\/05\\\/Segundo-Video-Isabel-Heraso.mp4&quot;,&quot;type&quot;:&quot;video\\\/mp4&quot;}]}\" class=\"flowplayer no-brand is-splash no-svg is-paused skin-slim fp-slim fp-edgy\" data-fv-embed=\"https:\/\/www.hiperactividadmedicosypacientes.com\/?p=564&amp;fv_player_embed=1\" style=\"max-width: 854px; max-height: 480px; \" data-ratio=\"0.5621\">\n\t<div class=\"fp-ratio\" style=\"padding-top: 56.21%\"><\/div>\n\t<div class=\"fp-ui\"><noscript>Please enable JavaScript<\/noscript><div class=\"fp-preload\"><b><\/b><b><\/b><b><\/b><b><\/b><\/div><\/div>\n<div class='fvp-share-bar'><ul class=\"fvp-sharing\">\n    <li><a class=\"sharing-facebook\" href=\"https:\/\/www.facebook.com\/sharer\/sharer.php?u=https%3A%2F%2Fwww.hiperactividadmedicosypacientes.com%2F%3Fp%3D564\" target=\"_blank\"><\/a><\/li>\n    <li><a class=\"sharing-twitter\" href=\"https:\/\/twitter.com\/intent\/tweet?text=Scientific+portal+supervised+by+physicians%2C+Portal+cient%C3%ADfico+supervisado+por+cl%C3%ADnicos%2C+Hiperactividad%2C+TDAH%2C+trastorno+por+hiperactividad%2C+falta+de+atenci%C3%B3n%2C+dolor%2C+falta+de+concentraci%C3%B3n%2C+problemas+de+salud%2C+Inflammatory+illnesess%2C+autism%2C+Hyperactivity%2C+attention-deficit+hyperactivity+disorder%2C+ADHD%2C+Depression%2C+depresion%2C+Anxiety%2C+ansiedad+&url=https%3A%2F%2Fwww.hiperactividadmedicosypacientes.com%2F%3Fp%3D564\" target=\"_blank\"><\/a><\/li>\n    <li><a class=\"sharing-email\" href=\"mailto:?body=Check%20out%20the%20amazing%20video%20here%3A%20https%3A%2F%2Fwww.hiperactividadmedicosypacientes.com%2F%3Fp%3D564\" target=\"_blank\"><\/a><\/li><\/ul><div><a class=\"sharing-link\" href=\"https:\/\/www.hiperactividadmedicosypacientes.com\/?p=564\" target=\"_blank\">Link<\/a><\/div><div><label><a class=\"embed-code-toggle\" href=\"#\"><strong>Embed<\/strong><\/a><\/label><\/div><div class=\"embed-code\"><label>Copy and paste this HTML code into your webpage to embed.<\/label><textarea><\/textarea><\/div><\/div>\n<\/div>\n<\/span><\/p>\n<p>&nbsp;<\/p>\n<p>&nbsp;<\/p>\n<p><span style=\"font-size: 14pt; font-family: verdana, geneva, sans-serif;\"><strong>\u201cLo que va en contra de nuestro reloj biol\u00f3gico es cuando sobrevives a un hijo. Este hecho puede provocar el peor dolor que jam\u00e1s llegue a sufrir un ser humano\u201d, <\/strong>se\u00f1ala la Doctora Heraso<strong>.\u00a0<\/strong><\/span><\/p>\n<p><span style=\"font-size: 14pt; font-family: verdana, geneva, sans-serif;\"><strong>\u00a0<\/strong><strong>\u201cNo existen palabras para razonar esta situaci\u00f3n. Los cient\u00edficos tenemos la intuici\u00f3n de que esos peque\u00f1os pueden ser almas muy sabias que vienen a ense\u00f1arnos a todos nosotros la gran falta de conocimiento que tenemos. Son nuestros grandes <\/strong><strong>Maestros que nos demuestran que existe un ente superior. Ninguna ciencia puede explicar que un reloj se mueva de forma inversa. Es contra-natura. <\/strong><strong>Este dolor puede ser incurable, pero algunos cient\u00edficos nos estamos volcando en que sea\u00a0 tratable\u201d, <\/strong>aclara\u00a0 Heraso.<\/span><\/p>\n<p><span style=\"font-size: 14pt; font-family: verdana, geneva, sans-serif;\">La Doctora insiste en que hemos venido a este mundo a aprender. Y, para ello nos matriculamos en diferentes \u00e1reas que, a veces, nos pueden resultar realmente dif\u00edciles y tediosas. <strong>\u201cEs un hecho que nadie de los aqu\u00ed presentes recordamos haber hecho fila para venir a este mundo, por lo que alguien tuvo que inventar el reloj, el pensamiento, el hecho de que coincidamos en un tiempo hist\u00f3rico. Mientras estemos aqu\u00ed debemos transmitir lo mejor de nosotros mismos y aportar pensamientos positivos dentro de lo que es posible. Porque la tristeza es un sentimiento humano y respetable\u201d, <\/strong>concluye esta Doctora.<strong>\u00a0 <\/strong><\/span><\/p>\n<p><span style=\"font-size: 14pt; font-family: verdana, geneva, sans-serif;\"><strong>\u00a0<\/strong>Sea como fuere, esta Escritora y Doctora no deja indiferente a nadie. Uno puede estar o no de acuerdo con ella, pero lo que s\u00ed es seguro es que esta escritora y cl\u00ednico nos hace reflexionar.<\/span><\/p>\n<p><span style=\"font-size: 14pt; font-family: verdana, geneva, sans-serif;\">Sources\/ Fuentes:<\/span><\/p>\n<p><span style=\"font-size: 14pt; font-family: verdana, geneva, sans-serif;\">Acceso directo al V\u00eddeo- Entrevista con la Doctora Isabel Heraso<\/span><\/p>\n<p><span style=\"font-size: 14pt; font-family: verdana, geneva, sans-serif;\">*<a href=\"https:\/\/www.youtube.com\/watch?v=Lwnv0MWpTro&amp;t=1s\">https:\/\/www.youtube.com\/watch?v=Lwnv0MWpTro&amp;t=1s<\/a><\/span><\/p>\n<p><span style=\"font-size: 14pt; font-family: verdana, geneva, sans-serif;\">BIBLIOGRAF\u00cdA:<\/span><\/p>\n<p><span style=\"font-size: 14pt; font-family: verdana, geneva, sans-serif;\">* <strong>LINK complete al v\u00eddeo:<\/strong> <a href=\"http:\/\/www.psychiatrictimes.com\/articles\/bereavement-related-depression\">http:\/\/www.psychiatrictimes.com\/articles\/bereavement-related-depression<\/a><\/span><\/p>\n<p><span style=\"font-size: 14pt; font-family: verdana, geneva, sans-serif;\"><strong>Para m\u00e1s informaci\u00f3n: <\/strong><\/span><\/p>\n<p><span style=\"font-size: 14pt; font-family: verdana, geneva, sans-serif;\">Departamento de Prensa Sanitaria registrada en ANIS<\/span><\/p>\n<ol>\n<li><span style=\"font-size: 14pt; font-family: verdana, geneva, sans-serif;\">638 98 97 69<\/span><\/li>\n<li><span style=\"font-size: 14pt; font-family: verdana, geneva, sans-serif;\">91 733 30 38<\/span><\/li>\n<\/ol>\n<p><span style=\"font-size: 14pt; font-family: verdana, geneva, sans-serif;\">@AEPAATM<\/span><\/p>\n<p><span style=\"font-size: 14pt; font-family: verdana, geneva, sans-serif;\">Entidad miembro del FORO ESPA\u00d1OL DE PACIENTES<\/span><\/p>\n<p><span style=\"font-size: 14pt; font-family: verdana, geneva, sans-serif;\"><strong><u>Nota Informativa: <\/u><\/strong>Hemos realizado esta acci\u00f3n de comunicaci\u00f3n <strong>de forma voluntaria<\/strong> para ayudar a las personas que han perdido un ser querido. La Junta Directiva de AEPA ATM ni su Comit\u00e9 Cient\u00edfico NO tienen por qu\u00e9 coincidir con las opiniones expresadas en esta nota de Prensa. Todos los datos aportados de estudios cl\u00ednicos han sido contrastados y aportamos sus fuentes originales a los mismos.<\/span><\/p>\n","protected":false},"excerpt":{"rendered":"<p>Pregunta pol\u00e9mica: \u00bfPor qu\u00e9 coincidimos en el tiempo? \u00bfQui\u00e9n invent\u00f3 el reloj? En su nuevo libro \u201c2\u00aa parte de Viajeros en Tr\u00e1nsito\u201d la Doctora Heraso pretende ayudar a todos los padres y familias que se encuentran con la dram\u00e1tica situaci\u00f3n de tener que ver como un hijo presenta una larga enfermedad y se pregunta por [&hellip;]<\/p>\n","protected":false},"author":2,"featured_media":572,"comment_status":"closed","ping_status":"open","sticky":false,"template":"","format":"standard","meta":[],"categories":[18],"tags":[30,29,31,32],"yoast_head":"<!-- This site is optimized with the Yoast SEO plugin v15.1.1 - https:\/\/yoast.com\/wordpress\/plugins\/seo\/ -->\n<meta name=\"robots\" content=\"noindex, follow, max-snippet:-1, max-image-preview:large, max-video-preview:-1\" \/>\n<meta property=\"og:locale\" content=\"es_ES\" \/>\n<meta property=\"og:type\" content=\"article\" \/>\n<meta property=\"og:title\" content=\"La Dtra Heraso publica la \u201c2\u00aa parte de Viajeros en Tr\u00e1nsito\u201d con el objetivo de poder ayudar a todas las personas que reflexionan sobre la enfermedad de un hij@ - Scientific portal supervised by physicians, Portal cient\u00edfico supervisado por cl\u00ednicos, Hiperactividad, TDAH, trastorno por hiperactividad, falta de atenci\u00f3n, dolor, falta de concentraci\u00f3n, problemas de salud, Inflammatory illnesess, autism, Hyperactivity, attention-deficit hyperactivity disorder, ADHD, Depression, depresion, Anxiety, ansiedad\" \/>\n<meta property=\"og:description\" content=\"Pregunta pol\u00e9mica: \u00bfPor qu\u00e9 coincidimos en el tiempo? \u00bfQui\u00e9n invent\u00f3 el reloj? En su nuevo libro \u201c2\u00aa parte de Viajeros en Tr\u00e1nsito\u201d la Doctora Heraso pretende ayudar a todos los padres y familias que se encuentran con la dram\u00e1tica situaci\u00f3n de tener que ver como un hijo presenta una larga enfermedad y se pregunta por [&hellip;]\" \/>\n<meta property=\"og:url\" content=\"https:\/\/www.hiperactividadmedicosypacientes.com\/?p=564\" \/>\n<meta property=\"og:site_name\" content=\"Scientific portal supervised by physicians, Portal cient\u00edfico supervisado por cl\u00ednicos, Hiperactividad, TDAH, trastorno por hiperactividad, falta de atenci\u00f3n, dolor, falta de concentraci\u00f3n, problemas de salud, Inflammatory illnesess, autism, Hyperactivity, attention-deficit hyperactivity disorder, ADHD, Depression, depresion, Anxiety, ansiedad\" \/>\n<meta property=\"article:published_time\" content=\"2017-05-04T11:50:43+00:00\" \/>\n<meta property=\"article:modified_time\" content=\"2017-08-01T09:57:09+00:00\" \/>\n<meta property=\"og:image\" content=\"https:\/\/www.hiperactividadmedicosypacientes.com\/wp-content\/uploads\/2017\/05\/Isabel-Heraso.jpg\" \/>\n\t<meta property=\"og:image:width\" content=\"1200\" \/>\n\t<meta property=\"og:image:height\" content=\"795\" \/>\n<meta name=\"twitter:card\" content=\"summary_large_image\" \/>\n<script type=\"application\/ld+json\" class=\"yoast-schema-graph\">{\"@context\":\"https:\/\/schema.org\",\"@graph\":[{\"@type\":\"WebSite\",\"@id\":\"https:\/\/www.hiperactividadmedicosypacientes.com\/#website\",\"url\":\"https:\/\/www.hiperactividadmedicosypacientes.com\/\",\"name\":\"Scientific portal supervised by physicians, Portal cient\\u00edfico supervisado por cl\\u00ednicos, Hiperactividad, TDAH, trastorno por hiperactividad, falta de atenci\\u00f3n, dolor, falta de concentraci\\u00f3n, problemas de salud, Inflammatory illnesess, autism, Hyperactivity, attention-deficit hyperactivity disorder, ADHD, Depression, depresion, Anxiety, ansiedad\",\"description\":\"D\\u00e9ficit de Atenci\\u00f3n e Hiperactividad, Hiperactividad, Deficit atenci\\u00f3n, Dolor Neurop\\u00e1tico; Migra\\u00f1a; Dolor cabeza, Neuralgia del Trig\\u00e9mino, Dolor cara, hIperactividad, autismo, autism, tratment autism, attention deficit, hyperativity, obsessive-compulsive, disorder OCD, Depression, anxiety, depresi\\u00f3n, ansiedad, TDAH, ADHD\",\"potentialAction\":[{\"@type\":\"SearchAction\",\"target\":\"https:\/\/www.hiperactividadmedicosypacientes.com\/?s={search_term_string}\",\"query-input\":\"required name=search_term_string\"}],\"inLanguage\":\"es\"},{\"@type\":\"ImageObject\",\"@id\":\"https:\/\/www.hiperactividadmedicosypacientes.com\/?p=564#primaryimage\",\"inLanguage\":\"es\",\"url\":\"https:\/\/www.hiperactividadmedicosypacientes.com\/wp-content\/uploads\/2017\/05\/Isabel-Heraso.jpg\",\"width\":1200,\"height\":795},{\"@type\":\"WebPage\",\"@id\":\"https:\/\/www.hiperactividadmedicosypacientes.com\/?p=564#webpage\",\"url\":\"https:\/\/www.hiperactividadmedicosypacientes.com\/?p=564\",\"name\":\"La Dtra Heraso publica la \\u201c2\\u00aa parte de Viajeros en Tr\\u00e1nsito\\u201d con el objetivo de poder ayudar a todas las personas que reflexionan sobre la enfermedad de un hij@ - Scientific portal supervised by physicians, Portal cient\\u00edfico supervisado por cl\\u00ednicos, Hiperactividad, TDAH, trastorno por hiperactividad, falta de atenci\\u00f3n, dolor, falta de concentraci\\u00f3n, problemas de salud, Inflammatory illnesess, autism, Hyperactivity, attention-deficit hyperactivity disorder, ADHD, Depression, depresion, Anxiety, ansiedad\",\"isPartOf\":{\"@id\":\"https:\/\/www.hiperactividadmedicosypacientes.com\/#website\"},\"primaryImageOfPage\":{\"@id\":\"https:\/\/www.hiperactividadmedicosypacientes.com\/?p=564#primaryimage\"},\"datePublished\":\"2017-05-04T11:50:43+00:00\",\"dateModified\":\"2017-08-01T09:57:09+00:00\",\"author\":{\"@id\":\"https:\/\/www.hiperactividadmedicosypacientes.com\/#\/schema\/person\/4798cee998cce7a4e0e468976d73fb0a\"},\"inLanguage\":\"es\",\"potentialAction\":[{\"@type\":\"ReadAction\",\"target\":[\"https:\/\/www.hiperactividadmedicosypacientes.com\/?p=564\"]}]},{\"@type\":\"Person\",\"@id\":\"https:\/\/www.hiperactividadmedicosypacientes.com\/#\/schema\/person\/4798cee998cce7a4e0e468976d73fb0a\",\"name\":\"Ignacio\",\"image\":{\"@type\":\"ImageObject\",\"@id\":\"https:\/\/www.hiperactividadmedicosypacientes.com\/#personlogo\",\"inLanguage\":\"es\",\"url\":\"https:\/\/secure.gravatar.com\/avatar\/bab4a1d93609674bbd58cc100563adc1?s=96&d=mm&r=g\",\"caption\":\"Ignacio\"}}]}<\/script>\n<!-- \/ Yoast SEO plugin. -->","_links":{"self":[{"href":"https:\/\/www.hiperactividadmedicosypacientes.com\/index.php?rest_route=\/wp\/v2\/posts\/564"}],"collection":[{"href":"https:\/\/www.hiperactividadmedicosypacientes.com\/index.php?rest_route=\/wp\/v2\/posts"}],"about":[{"href":"https:\/\/www.hiperactividadmedicosypacientes.com\/index.php?rest_route=\/wp\/v2\/types\/post"}],"author":[{"embeddable":true,"href":"https:\/\/www.hiperactividadmedicosypacientes.com\/index.php?rest_route=\/wp\/v2\/users\/2"}],"replies":[{"embeddable":true,"href":"https:\/\/www.hiperactividadmedicosypacientes.com\/index.php?rest_route=%2Fwp%2Fv2%2Fcomments&post=564"}],"version-history":[{"count":13,"href":"https:\/\/www.hiperactividadmedicosypacientes.com\/index.php?rest_route=\/wp\/v2\/posts\/564\/revisions"}],"predecessor-version":[{"id":579,"href":"https:\/\/www.hiperactividadmedicosypacientes.com\/index.php?rest_route=\/wp\/v2\/posts\/564\/revisions\/579"}],"wp:featuredmedia":[{"embeddable":true,"href":"https:\/\/www.hiperactividadmedicosypacientes.com\/index.php?rest_route=\/wp\/v2\/media\/572"}],"wp:attachment":[{"href":"https:\/\/www.hiperactividadmedicosypacientes.com\/index.php?rest_route=%2Fwp%2Fv2%2Fmedia&parent=564"}],"wp:term":[{"taxonomy":"category","embeddable":true,"href":"https:\/\/www.hiperactividadmedicosypacientes.com\/index.php?rest_route=%2Fwp%2Fv2%2Fcategories&post=564"},{"taxonomy":"post_tag","embeddable":true,"href":"https:\/\/www.hiperactividadmedicosypacientes.com\/index.php?rest_route=%2Fwp%2Fv2%2Ftags&post=564"}],"curies":[{"name":"wp","href":"https:\/\/api.w.org\/{rel}","templated":true}]}}