{"id":592,"date":"2017-11-12T12:18:36","date_gmt":"2017-11-12T12:18:36","guid":{"rendered":"http:\/\/www.hiperactividadmedicosypacientes.com\/?p=592"},"modified":"2017-11-12T12:34:04","modified_gmt":"2017-11-12T12:34:04","slug":"dime-como-es-un-pequeno-con-7-anos-y-te-dire-como-sera-de-adulto","status":"publish","type":"post","link":"https:\/\/www.hiperactividadmedicosypacientes.com\/?p=592","title":{"rendered":"Dime c\u00f3mo es un peque\u00f1@ con 7 a\u00f1os y te dir\u00e9 c\u00f3mo ser\u00e1 de adult@"},"content":{"rendered":"<p style=\"text-align: justify;\"><span style=\"font-family: verdana, geneva, sans-serif; font-size: 14pt;\">En Noviembre de 2017, quer\u00edamos compartir con todos vosotros este excelente estudio de investigaci\u00f3n por gentileza de cl\u00ednicos en los que confiamos. Este estudio resume c\u00f3mo marca la infancia en el desarrollo de un ni\u00f1@. Las experiencias que un ni\u00f1@ viva durante su infancia\u00a0predecir\u00e1n su futuro, seg\u00fan indican\u00a0 los expertos que han participado en este estudio cl\u00ednico.\u00a0<\/span><span style=\"font-family: verdana, geneva, sans-serif; font-size: 14pt;\">&#8220;Dime c\u00f3mo es tu peque\u00f1@ con 7 a\u00f1os y te dir\u00e9 como ser\u00e1 de adult@&#8221;.\u00a0<\/span><\/p>\n<p><!--more--><\/p>\n<p><span style=\"font-family: verdana, geneva, sans-serif; font-size: 14pt;\">Video cedido por gentileza de cl\u00ednicos.<\/span><\/p>\n<p><iframe src=\"\/\/www.youtube.com\/embed\/2Fddd-r_FTE\" width=\"560\" height=\"315\" frameborder=\"0\" allowfullscreen=\"allowfullscreen\"><\/iframe><\/p>\n<p><span style=\"color: #993300; font-family: verdana, geneva, sans-serif; font-size: 14pt;\"><strong>AEPA ATM<\/strong><\/span><\/p>\n<p><span style=\"color: #993300; font-family: verdana, geneva, sans-serif; font-size: 14pt;\">Prensa Sanitaria miembros de ANIS.<\/span><\/p>\n<p><span style=\"color: #993300; font-family: verdana, geneva, sans-serif; font-size: 14pt;\">Todos nuestros contenidos son supervisados por nuestros Cl\u00ednicos, miembros de nuestro Comit\u00e9 Cient\u00edfico.<\/span><\/p>\n<p><span style=\"color: #993300; font-family: verdana, geneva, sans-serif; font-size: 14pt;\">T:\u00a0<strong>+34 638 98 97 69<\/strong><\/span><\/p>\n<p>&nbsp;<\/p>\n<p>&nbsp;<\/p>\n","protected":false},"excerpt":{"rendered":"<p>En Noviembre de 2017, quer\u00edamos compartir con todos vosotros este excelente estudio de investigaci\u00f3n por gentileza de cl\u00ednicos en los que confiamos. Este estudio resume c\u00f3mo marca la infancia en el desarrollo de un ni\u00f1@. Las experiencias que un ni\u00f1@ viva durante su infancia\u00a0predecir\u00e1n su futuro, seg\u00fan indican\u00a0 los expertos que han participado en este [&hellip;]<\/p>\n","protected":false},"author":2,"featured_media":593,"comment_status":"closed","ping_status":"open","sticky":false,"template":"","format":"standard","meta":[],"categories":[12,2,18],"tags":[50,52,51,54,49,53],"yoast_head":"<!-- This site is optimized with the Yoast SEO plugin v15.1.1 - https:\/\/yoast.com\/wordpress\/plugins\/seo\/ -->\n<meta name=\"robots\" content=\"noindex, follow, max-snippet:-1, max-image-preview:large, max-video-preview:-1\" \/>\n<meta property=\"og:locale\" content=\"es_ES\" \/>\n<meta property=\"og:type\" content=\"article\" \/>\n<meta property=\"og:title\" content=\"Dime c\u00f3mo es un peque\u00f1@ con 7 a\u00f1os y te dir\u00e9 c\u00f3mo ser\u00e1 de adult@ - Scientific portal supervised by physicians, Portal cient\u00edfico supervisado por cl\u00ednicos, Hiperactividad, TDAH, trastorno por hiperactividad, falta de atenci\u00f3n, dolor, falta de concentraci\u00f3n, problemas de salud, Inflammatory illnesess, autism, Hyperactivity, attention-deficit hyperactivity disorder, ADHD, Depression, depresion, Anxiety, ansiedad\" \/>\n<meta property=\"og:description\" content=\"En Noviembre de 2017, quer\u00edamos compartir con todos vosotros este excelente estudio de investigaci\u00f3n por gentileza de cl\u00ednicos en los que confiamos. Este estudio resume c\u00f3mo marca la infancia en el desarrollo de un ni\u00f1@. Las experiencias que un ni\u00f1@ viva durante su infancia\u00a0predecir\u00e1n su futuro, seg\u00fan indican\u00a0 los expertos que han participado en este [&hellip;]\" \/>\n<meta property=\"og:url\" content=\"https:\/\/www.hiperactividadmedicosypacientes.com\/?p=592\" \/>\n<meta property=\"og:site_name\" content=\"Scientific portal supervised by physicians, Portal cient\u00edfico supervisado por cl\u00ednicos, Hiperactividad, TDAH, trastorno por hiperactividad, falta de atenci\u00f3n, dolor, falta de concentraci\u00f3n, problemas de salud, Inflammatory illnesess, autism, Hyperactivity, attention-deficit hyperactivity disorder, ADHD, Depression, depresion, Anxiety, ansiedad\" \/>\n<meta property=\"article:published_time\" content=\"2017-11-12T12:18:36+00:00\" \/>\n<meta property=\"article:modified_time\" content=\"2017-11-12T12:34:04+00:00\" \/>\n<meta property=\"og:image\" content=\"https:\/\/www.hiperactividadmedicosypacientes.com\/wp-content\/uploads\/2017\/11\/recortevideo-futuroysalud.png\" \/>\n\t<meta property=\"og:image:width\" content=\"854\" \/>\n\t<meta property=\"og:image:height\" content=\"481\" \/>\n<meta name=\"twitter:card\" content=\"summary_large_image\" \/>\n<script type=\"application\/ld+json\" class=\"yoast-schema-graph\">{\"@context\":\"https:\/\/schema.org\",\"@graph\":[{\"@type\":\"WebSite\",\"@id\":\"https:\/\/www.hiperactividadmedicosypacientes.com\/#website\",\"url\":\"https:\/\/www.hiperactividadmedicosypacientes.com\/\",\"name\":\"Scientific portal supervised by physicians, Portal cient\\u00edfico supervisado por cl\\u00ednicos, Hiperactividad, TDAH, trastorno por hiperactividad, falta de atenci\\u00f3n, dolor, falta de concentraci\\u00f3n, problemas de salud, Inflammatory illnesess, autism, Hyperactivity, attention-deficit hyperactivity disorder, ADHD, Depression, depresion, Anxiety, ansiedad\",\"description\":\"D\\u00e9ficit de Atenci\\u00f3n e Hiperactividad, Hiperactividad, Deficit atenci\\u00f3n, Dolor Neurop\\u00e1tico; Migra\\u00f1a; Dolor cabeza, Neuralgia del Trig\\u00e9mino, Dolor cara, hIperactividad, autismo, autism, tratment autism, attention deficit, hyperativity, obsessive-compulsive, disorder OCD, Depression, anxiety, depresi\\u00f3n, ansiedad, TDAH, ADHD\",\"potentialAction\":[{\"@type\":\"SearchAction\",\"target\":\"https:\/\/www.hiperactividadmedicosypacientes.com\/?s={search_term_string}\",\"query-input\":\"required name=search_term_string\"}],\"inLanguage\":\"es\"},{\"@type\":\"ImageObject\",\"@id\":\"https:\/\/www.hiperactividadmedicosypacientes.com\/?p=592#primaryimage\",\"inLanguage\":\"es\",\"url\":\"https:\/\/www.hiperactividadmedicosypacientes.com\/wp-content\/uploads\/2017\/11\/recortevideo-futuroysalud.png\",\"width\":854,\"height\":481},{\"@type\":\"WebPage\",\"@id\":\"https:\/\/www.hiperactividadmedicosypacientes.com\/?p=592#webpage\",\"url\":\"https:\/\/www.hiperactividadmedicosypacientes.com\/?p=592\",\"name\":\"Dime c\\u00f3mo es un peque\\u00f1@ con 7 a\\u00f1os y te dir\\u00e9 c\\u00f3mo ser\\u00e1 de adult@ - Scientific portal supervised by physicians, Portal cient\\u00edfico supervisado por cl\\u00ednicos, Hiperactividad, TDAH, trastorno por hiperactividad, falta de atenci\\u00f3n, dolor, falta de concentraci\\u00f3n, problemas de salud, Inflammatory illnesess, autism, Hyperactivity, attention-deficit hyperactivity disorder, ADHD, Depression, depresion, Anxiety, ansiedad\",\"isPartOf\":{\"@id\":\"https:\/\/www.hiperactividadmedicosypacientes.com\/#website\"},\"primaryImageOfPage\":{\"@id\":\"https:\/\/www.hiperactividadmedicosypacientes.com\/?p=592#primaryimage\"},\"datePublished\":\"2017-11-12T12:18:36+00:00\",\"dateModified\":\"2017-11-12T12:34:04+00:00\",\"author\":{\"@id\":\"https:\/\/www.hiperactividadmedicosypacientes.com\/#\/schema\/person\/4798cee998cce7a4e0e468976d73fb0a\"},\"inLanguage\":\"es\",\"potentialAction\":[{\"@type\":\"ReadAction\",\"target\":[\"https:\/\/www.hiperactividadmedicosypacientes.com\/?p=592\"]}]},{\"@type\":\"Person\",\"@id\":\"https:\/\/www.hiperactividadmedicosypacientes.com\/#\/schema\/person\/4798cee998cce7a4e0e468976d73fb0a\",\"name\":\"Ignacio\",\"image\":{\"@type\":\"ImageObject\",\"@id\":\"https:\/\/www.hiperactividadmedicosypacientes.com\/#personlogo\",\"inLanguage\":\"es\",\"url\":\"https:\/\/secure.gravatar.com\/avatar\/bab4a1d93609674bbd58cc100563adc1?s=96&d=mm&r=g\",\"caption\":\"Ignacio\"}}]}<\/script>\n<!-- \/ Yoast SEO plugin. -->","_links":{"self":[{"href":"https:\/\/www.hiperactividadmedicosypacientes.com\/index.php?rest_route=\/wp\/v2\/posts\/592"}],"collection":[{"href":"https:\/\/www.hiperactividadmedicosypacientes.com\/index.php?rest_route=\/wp\/v2\/posts"}],"about":[{"href":"https:\/\/www.hiperactividadmedicosypacientes.com\/index.php?rest_route=\/wp\/v2\/types\/post"}],"author":[{"embeddable":true,"href":"https:\/\/www.hiperactividadmedicosypacientes.com\/index.php?rest_route=\/wp\/v2\/users\/2"}],"replies":[{"embeddable":true,"href":"https:\/\/www.hiperactividadmedicosypacientes.com\/index.php?rest_route=%2Fwp%2Fv2%2Fcomments&post=592"}],"version-history":[{"count":14,"href":"https:\/\/www.hiperactividadmedicosypacientes.com\/index.php?rest_route=\/wp\/v2\/posts\/592\/revisions"}],"predecessor-version":[{"id":607,"href":"https:\/\/www.hiperactividadmedicosypacientes.com\/index.php?rest_route=\/wp\/v2\/posts\/592\/revisions\/607"}],"wp:featuredmedia":[{"embeddable":true,"href":"https:\/\/www.hiperactividadmedicosypacientes.com\/index.php?rest_route=\/wp\/v2\/media\/593"}],"wp:attachment":[{"href":"https:\/\/www.hiperactividadmedicosypacientes.com\/index.php?rest_route=%2Fwp%2Fv2%2Fmedia&parent=592"}],"wp:term":[{"taxonomy":"category","embeddable":true,"href":"https:\/\/www.hiperactividadmedicosypacientes.com\/index.php?rest_route=%2Fwp%2Fv2%2Fcategories&post=592"},{"taxonomy":"post_tag","embeddable":true,"href":"https:\/\/www.hiperactividadmedicosypacientes.com\/index.php?rest_route=%2Fwp%2Fv2%2Ftags&post=592"}],"curies":[{"name":"wp","href":"https:\/\/api.w.org\/{rel}","templated":true}]}}