{"id":609,"date":"2018-01-13T11:15:21","date_gmt":"2018-01-13T11:15:21","guid":{"rendered":"http:\/\/www.hiperactividadmedicosypacientes.com\/?p=609"},"modified":"2018-01-13T12:18:15","modified_gmt":"2018-01-13T12:18:15","slug":"estamos-ante-una-epidemia-de-diferentes-tipos-de-autismos-la-obligacion-del-clinico-es-diagnosticar-su-etiologia-para-que-puedan-recibir-un-tratamiento-adecuado","status":"publish","type":"post","link":"https:\/\/www.hiperactividadmedicosypacientes.com\/?p=609","title":{"rendered":"\u201cEstamos ante una epidemia de diferentes tipos de Autismos. La obligaci\u00f3n del cl\u00ednico es diagnosticar su etiolog\u00eda para que los pacientes puedan recibir un tratamiento adecuado\u201d"},"content":{"rendered":"<p><span style=\"font-family: verdana, geneva, sans-serif; font-size: 14pt;\">El Doctor Agust\u00edn Legido, Neuropediatra del Hospital St. Christopher\u00b4s de Filadelfia. Pensilvania. USA, presenta por primera vez los resultados de un estudio de su Unidad cl\u00ednica en ni\u00f1@s afectados por alteraciones mitocondriales de un tipo espec\u00edfico de autismo. Adem\u00e1s, revela que los Doctores deben conocer la etiolog\u00eda de los diferentes casos de autismo en el \u00faltimo Congreso de la Fundaci\u00f3n Sindrome de West, celebrado en Madrid con otros 10 especialistas cl\u00ednicos de todos los pa\u00edses. Especialistas espa\u00f1oles reconocen que el acceso a todas las pruebas de diagn\u00f3stico resulta muy complicado para las familias afectadas por los diferentes tipos de autismos.\u00a0<\/span><\/p>\n<p><!--more--><\/p>\n<p><img loading=\"lazy\" class=\"aligncenter size-full wp-image-743\" src=\"http:\/\/www.morethandoctors.com\/wp-content\/uploads\/2018\/01\/FHS_4106_3.png\" alt=\"FHS_4106_3\" width=\"475\" height=\"363\" \/><\/p>\n<p style=\"text-align: center;\"><span style=\"font-family: verdana, geneva, sans-serif; font-size: 10pt;\">Doctor Agust\u00edn Legido, Jefe de Neuropediatra del Hospital St. Christopher\u00b4s de Filadelfia. Pensilvania. USA<\/span><\/p>\n<p><span style=\"font-family: verdana, geneva, sans-serif; font-size: 14pt;\"><strong><span style=\"color: #800000;\">13\/01\/2018; \u00bfQu\u00e9 novedades se presentan en esta &#8220;caja&#8221; definida como Autismo?<\/span><\/strong><\/span><\/p>\n<p><span style=\"font-family: verdana, geneva, sans-serif; font-size: 14pt;\">No existe un autismo. Existen varios AUTISMOS. Cada ni\u00f1o diagnosticado debe recibir un diagn\u00f3stico preciso y concreto. Solo porque un ni\u00f1@ presente signos de un espectro autista no se le puede etiquetar. \u00a0El cl\u00ednico debe realizar una evaluaci\u00f3n individual. Ese peque\u00f1@ debe acceder a todas las pruebas gen\u00e9ticas y el resto de pruebas diagn\u00f3sticas existentes para conocer qu\u00e9 tipo de Autismo presenta su hij@. Y, tambi\u00e9n sus padres. La \u00a0etiolog\u00eda puede ser gen\u00e9tica, del sistema inmune, traum\u00e1tica o por otras causas, se podr\u00e1 determinar mejor los posibles tratamientos. La pregunta de los padres debe ser: \u00bfDoctor qu\u00e9 tipo de Autismo tiene mi hijo? \u00a0Usted no va al m\u00e9dico y le dicen\u2026 tiene una infecci\u00f3n \u00bfUsted pregunta qu\u00e9 tipo\u00a0 infecci\u00f3n tengo? Pues esto es lo que ocurre con esta suma de trastornos que derivan con los diferentes tipos de autismos. Cada caso es diferente. El trabajo del cl\u00ednico deber\u00eda ser conocer qu\u00e9 tipo de Autismo presenta el ni\u00f1@ para poder instaurar los posibles tratamientos para tratar los diferentes trastornos que el peque\u00f1@ pudiera presentar. Los tipos de Autismos son diferentes y los trastornos son muchos y diversos. Primero se diagnostica. Luego se trata. Lo que sirve para unos casos de autismo no servir\u00e1 para otros.<\/span><\/p>\n<p><span style=\"color: #800000; font-family: verdana, geneva, sans-serif; font-size: 14pt;\"><strong>\u00bfEst\u00e1 Espa\u00f1a preparada para realizar todas estas pruebas gen\u00e9ticas, ya que ya se conocen algunas alteraciones gen\u00e9ticas?<\/strong><\/span><\/p>\n<p><span style=\"font-family: verdana, geneva, sans-serif; font-size: 14pt;\">Son much\u00edsimas las alteraciones posibles y ya hemos identificado varias alteraciones gen\u00e9ticas que son m\u00e1s de un centenar. La respuesta ya fue dada en el pasado Congreso \u00a0por parte de los Neuropediatras que ejercen en Espa\u00f1a en grandes Hospitales ante m\u00e1s de 300 personas. Y, su respuesta fue directa: NO.<\/span><\/p>\n<p><span style=\"font-family: verdana, geneva, sans-serif; font-size: 14pt;\">Cuando no hay recursos para diagnosticar correctamente no se puede tratar tampoco de forma acertada.<\/span><\/p>\n<p><span style=\"color: #800000; font-family: verdana, geneva, sans-serif; font-size: 14pt;\"><strong>Cuales son las cifras de incidencia y prevalencia en este caj\u00f3n de sastre denominado \u201cAutismos\u201d ?<\/strong><\/span><\/p>\n<p><span style=\"font-family: verdana, geneva, sans-serif; font-size: 14pt;\">Estamos ante una epidemia. Cuando yo empec\u00e9 a ejercer en Estados Unidos en mi Unidad ve\u00edamos un caso al mes. Ahora vemos 4 peque\u00f1@s a la semana. Veo m\u00e1s de 200 pacientes al a\u00f1o. Estamos ante una epidemia de alteraciones gen\u00e9ticas y enfermedades del sistema inmune. La Neuro-inmunolog\u00eda es muy compleja \u00bfPor qu\u00e9 ocurren estas alteraciones? Existen millones de variables que pueden provocar una posible alteraci\u00f3n gen\u00e9tica en un peque\u00f1@. Procesos inflamatorios durante la gestaci\u00f3n, alteraciones de la gl\u00e1ndula tiroides en la gestaci\u00f3n, enfermedades de la madre gestante,\u2026 en fin son much\u00edsimas las posibles causas que pueden provocar diversas enfermedades. \u00a0Primero, se debe diagnosticar y luego tratar.<\/span><\/p>\n<p><span style=\"font-family: verdana, geneva, sans-serif; font-size: 14pt;\">Los padres son los primeros en realizar el diagn\u00f3stico de sus hij@s. \u00a0Perciben una alteraci\u00f3n cognitiva. \u201cAlgo es diferente Doctor\u201d. \u00a0Para saber que es autismo no hace falta ir al m\u00e9dico. Ya lo saben los padres. Por eso hay que exigir un diagn\u00f3stico preciso.\u00a0<strong>\u00bfDoctor qu\u00e9 tipo de Autismo tiene mi hijo?<\/strong>\u00a0Esa es la pregunta. Si la respuesta es: No lo s\u00e9. Contesten: \u201cPues investigue su origen\u201d. Los padres tienen que moverse. Soy consciente de que la vida se convierte en una batalla continua. Pero esto ocurre con much\u00edsimas enfermedades. La enfermedad llega. No la sufre solo el enfermo. Impacta a toda la familia. El dolor lo sufren todos los miembros. Lo que diferencia a otros pa\u00edses de Espa\u00f1a. Es que en otros pa\u00edses, como, por ejemplo, ocurre con Estados Unidos, es que all\u00ed todos los agentes implicados vamos juntos contra las enfermedades. Aqu\u00ed en Espa\u00f1a cada uno va a su aire. No hay unidad. Y, ahora con las 17 Comunidades Aut\u00f3nomas es mayor el problema. La falta de unidad genera confusi\u00f3n. El esfuerzo se dispersa. No hay unidad. Esto debilita m\u00e1s al paciente. Asociaciones, Industria, M\u00e9dicos y Pol\u00edticos deben ir de la mano en una sola direcci\u00f3n.\u00a0 Esto no ocurre. La situaci\u00f3n pol\u00edtica\u00a0 es muy dif\u00edcil. Las Asociaciones tienen que luchar mucho. Es muy agotador.<\/span><\/p>\n<p><span style=\"color: #800000; font-family: verdana, geneva, sans-serif; font-size: 14pt;\"><strong>\u00bfAl final van a prescribir ustedes que cuando una madre se quede en estado se vaya a la\u00a0 playa o la monta\u00f1a para evitar alteraciones gen\u00e9ticas y otras enfermedades del sistema inmune?<\/strong><\/span><\/p>\n<p><span style=\"font-family: verdana, geneva, sans-serif; font-size: 14pt;\">Antiguamente ya lo hac\u00edan los cl\u00ednicos de nuestros padres. Sabemos que existen factores medioambientales que influyen en el desarrollo cognitivo del bebe en desarrollo de la madre gestante. Ese ser\u00eda un gran consejo cl\u00ednico. \u00a0La madre gestante tiene que tratar de eliminar todo tipo de agentes t\u00f3xicos en la medida de lo posible. Por supuesto. El estr\u00e9s, la ansiedad, la depresi\u00f3n, todos los agentes t\u00f3xicos como, son el tabaco, el alcohol, las drogas o la contaminaci\u00f3n. Antes hab\u00eda menos autismos. \u00a0Ahora estamos ante una epidemia de autismos. Las conexiones del t\u00e1lamo en estos peque\u00f1os es diferente a otros ni\u00f1os sanos. Y, hay que descubrir el por qu\u00e9.<\/span><\/p>\n<p><span style=\"color: #800000; font-family: verdana, geneva, sans-serif; font-size: 14pt;\"><strong>\u00bfPero vivir en la naturaleza durante el proceso de gestaci\u00f3n podr\u00eda evitar posibles alteraciones gen\u00e9ticas?<\/strong><\/span><\/p>\n<p><span style=\"font-family: verdana, geneva, sans-serif; font-size: 14pt;\">Vivir en la naturaleza ayuda siempre. En medicina no existe un 100% en nada. Pero desde luego se evitar\u00edan algunas enfermedades. Siempre ha habido ni\u00f1os con autismo,\u00a0<strong>pero ahora estamos asistiendo a una gran epidemia.<\/strong>\u00a0La prevalencia resulta cada vez mayor. Como ocurre con la epilepsia y otras enfermedades del sistema inmune. Sabemos que existe una relaci\u00f3n entre estas tres enfermedades. Hay alteraciones gen\u00e9ticas comunes. Estamos investigando su relaci\u00f3n. Y las diferentes etiolog\u00edas.<\/span><\/p>\n<p><span style=\"color: #800000; font-family: verdana, geneva, sans-serif; font-size: 14pt;\"><strong>\u00bfQu\u00e9 novedades aporta su Unidad M\u00e9dica?<\/strong><\/span><\/p>\n<p><span style=\"font-family: verdana, geneva, sans-serif; font-size: 14pt;\">Los nuevos ensayos que estamos realizando est\u00e1n en materia de diagn\u00f3stico y tratamientos. En aquellos casos \u2013insisto solo en aquellos casos en los que existen alteraciones mitocondriales- estamos administrando un c\u00f3ctel basados en determinados sustancias, enzimas y otros principios activos en determinadas dosis que ya citar\u00e9\u2026. y, los resultados han sido una mejora de los s\u00edntomas en esos casos espec\u00edficos. Cuando hablamos de Autismos estamos hablando de much\u00edsimas enfermedades y much\u00edsimos s\u00edntomas diferentes en la misma persona.<\/span><\/p>\n<p><span style=\"color: #800000; font-family: verdana, geneva, sans-serif; font-size: 14pt;\"><strong>\u00bfQu\u00e9 significa que han obtenido buenos resultados?<\/strong><\/span><\/p>\n<p><span style=\"font-family: verdana, geneva, sans-serif; font-size: 14pt;\">Significa que ha habido una mejora de los diferentes s\u00edntomas y signos de los diferentes trastornos que implica alg\u00fan tipo espec\u00edfico del autismo como son: la falta de sue\u00f1o, la hiperactividad, la irritabilidad y d\u00e9ficit cognitivo, trastornos sensoriales y otros. Por lo tanto, en los ensayos que vamos a publicar en revistas cient\u00edficas los resultados de nuestras investigaciones y tratamientos son buenos porque los signos y s\u00edntomas han mejorado tras un a\u00f1o de tratamiento. Actualmente, estamos buscando fondos para ampliar la muestra y ampliar nuestras investigaciones en este tipo espec\u00edfico de autismo que presenta alteraciones mitocondriales. Insisto mucho porque los padres tienen que invitar a sus cl\u00ednicos a realizar investigaciones sobre la etiolog\u00eda del tipo de autismo que sufre su hij@. Volvemos a la primera pregunta. Primero, hay que diagnosticar correctamente de qu\u00e9 tipo concreto de autismo estamos hablando. \u00a0Y, luego los cl\u00ednicos podremos instaurar diferentes tratamientos individualizados. La etiolog\u00eda de cada autismo es totalmente diferente. Y, por tanto el tratamiento tambi\u00e9n lo ser\u00e1 dependiendo del diagn\u00f3stico.<\/span><\/p>\n<p><span style=\"color: #800000; font-family: verdana, geneva, sans-serif; font-size: 14pt;\">Entrevista realizada en el \u00faltimo Congreso de la Fundaci\u00f3n S\u00edndrome de West.<\/span><\/p>\n<p><span style=\"color: #800000; font-family: verdana, geneva, sans-serif; font-size: 14pt;\">Entrevista realizada de forma voluntaria.<\/span><\/p>\n<p><span style=\"color: #800000; font-family: verdana, geneva, sans-serif; font-size: 14pt;\"><em>Departamento de Prensa de la Asociaci\u00f3n Espa\u00f1ola de Pacientes con Dolor. Solidarios con todas las personas que sufren alg\u00fan tipo de Autismo o\/y Epilepsia.<\/em><\/span><\/p>\n<p><span style=\"color: #800000; font-family: verdana, geneva, sans-serif; font-size: 14pt;\"><em>Miembros de\u00a0<a style=\"color: #800000;\" href=\"http:\/\/www.anisalud.com\/\">ANIS<\/a>.<\/em><\/span><\/p>\n<p><span style=\"font-family: verdana, geneva, sans-serif; font-size: 14pt;\">T:\u00a0<span style=\"color: #800000;\"><a style=\"color: #800000;\" href=\"tel:+34638989769\">+34 638 989 769<\/a><\/span><\/span><\/p>\n<p><span style=\"font-family: verdana, geneva, sans-serif; font-size: 14pt;\">Facebook:\u00a0<span style=\"color: #800000;\"><a style=\"color: #800000;\" href=\"https:\/\/www.facebook.com\/dolorneuropatico\/\">dolorneuropatico<\/a><\/span><\/span><\/p>\n<p><span style=\"font-family: verdana, geneva, sans-serif; font-size: 14pt;\">Twitter:\u00a0<span style=\"color: #800000;\"><a style=\"color: #800000;\" href=\"https:\/\/twitter.com\/AEPAATM\">@AEPAATM<\/a><\/span><\/span><\/p>\n<p><span style=\"font-family: verdana, geneva, sans-serif; font-size: 14pt;\">Web:<span style=\"color: #800000;\">\u00a0<a style=\"color: #800000;\" href=\"http:\/\/www.pacientesatm.com\/\">www.pacientesatm.com<\/a><\/span><\/span><\/p>\n<p><span style=\"font-family: verdana, geneva, sans-serif; font-size: 14pt;\">Instagram:\u00a0<span style=\"color: #800000;\"><a style=\"color: #800000;\" href=\"https:\/\/www.instagram.com\/researchingagainstpain\/\">@researchingagainstpain<\/a><\/span><\/span><\/p>\n<p><span style=\"font-family: verdana, geneva, sans-serif; font-size: 14pt;\">Youtube:\u00a0<span style=\"color: #800000;\"><a style=\"color: #800000;\" href=\"https:\/\/www.youtube.com\/user\/infoAEPA\">infoAEPA<\/a><\/span><\/span><\/p>\n","protected":false},"excerpt":{"rendered":"<p>El Doctor Agust\u00edn Legido, Neuropediatra del Hospital St. Christopher\u00b4s de Filadelfia. Pensilvania. USA, presenta por primera vez los resultados de un estudio de su Unidad cl\u00ednica en ni\u00f1@s afectados por alteraciones mitocondriales de un tipo espec\u00edfico de autismo. Adem\u00e1s, revela que los Doctores deben conocer la etiolog\u00eda de los diferentes casos de autismo en el [&hellip;]<\/p>\n","protected":false},"author":2,"featured_media":610,"comment_status":"closed","ping_status":"open","sticky":false,"template":"","format":"standard","meta":[],"categories":[10,2,18,4],"tags":[23,43,30,28,55,49,56,57],"yoast_head":"<!-- This site is optimized with the Yoast SEO plugin v15.1.1 - https:\/\/yoast.com\/wordpress\/plugins\/seo\/ -->\n<meta name=\"robots\" content=\"noindex, follow, max-snippet:-1, max-image-preview:large, max-video-preview:-1\" \/>\n<meta property=\"og:locale\" content=\"es_ES\" \/>\n<meta property=\"og:type\" content=\"article\" \/>\n<meta property=\"og:title\" content=\"\u201cEstamos ante una epidemia de diferentes tipos de Autismos. La obligaci\u00f3n del cl\u00ednico es diagnosticar su etiolog\u00eda para que los pacientes puedan recibir un tratamiento adecuado\u201d - Scientific portal supervised by physicians, Portal cient\u00edfico supervisado por cl\u00ednicos, Hiperactividad, TDAH, trastorno por hiperactividad, falta de atenci\u00f3n, dolor, falta de concentraci\u00f3n, problemas de salud, Inflammatory illnesess, autism, Hyperactivity, attention-deficit hyperactivity disorder, ADHD, Depression, depresion, Anxiety, ansiedad\" \/>\n<meta property=\"og:description\" content=\"El Doctor Agust\u00edn Legido, Neuropediatra del Hospital St. Christopher\u00b4s de Filadelfia. Pensilvania. USA, presenta por primera vez los resultados de un estudio de su Unidad cl\u00ednica en ni\u00f1@s afectados por alteraciones mitocondriales de un tipo espec\u00edfico de autismo. Adem\u00e1s, revela que los Doctores deben conocer la etiolog\u00eda de los diferentes casos de autismo en el [&hellip;]\" \/>\n<meta property=\"og:url\" content=\"https:\/\/www.hiperactividadmedicosypacientes.com\/?p=609\" \/>\n<meta property=\"og:site_name\" content=\"Scientific portal supervised by physicians, Portal cient\u00edfico supervisado por cl\u00ednicos, Hiperactividad, TDAH, trastorno por hiperactividad, falta de atenci\u00f3n, dolor, falta de concentraci\u00f3n, problemas de salud, Inflammatory illnesess, autism, Hyperactivity, attention-deficit hyperactivity disorder, ADHD, Depression, depresion, Anxiety, ansiedad\" \/>\n<meta property=\"article:published_time\" content=\"2018-01-13T11:15:21+00:00\" \/>\n<meta property=\"article:modified_time\" content=\"2018-01-13T12:18:15+00:00\" \/>\n<meta property=\"og:image\" content=\"https:\/\/www.hiperactividadmedicosypacientes.com\/wp-content\/uploads\/2018\/01\/FHS_4106_3.png\" \/>\n\t<meta property=\"og:image:width\" content=\"475\" \/>\n\t<meta property=\"og:image:height\" content=\"363\" \/>\n<meta name=\"twitter:card\" content=\"summary_large_image\" \/>\n<script type=\"application\/ld+json\" class=\"yoast-schema-graph\">{\"@context\":\"https:\/\/schema.org\",\"@graph\":[{\"@type\":\"WebSite\",\"@id\":\"https:\/\/www.hiperactividadmedicosypacientes.com\/#website\",\"url\":\"https:\/\/www.hiperactividadmedicosypacientes.com\/\",\"name\":\"Scientific portal supervised by physicians, Portal cient\\u00edfico supervisado por cl\\u00ednicos, Hiperactividad, TDAH, trastorno por hiperactividad, falta de atenci\\u00f3n, dolor, falta de concentraci\\u00f3n, problemas de salud, Inflammatory illnesess, autism, Hyperactivity, attention-deficit hyperactivity disorder, ADHD, Depression, depresion, Anxiety, ansiedad\",\"description\":\"D\\u00e9ficit de Atenci\\u00f3n e Hiperactividad, Hiperactividad, Deficit atenci\\u00f3n, Dolor Neurop\\u00e1tico; Migra\\u00f1a; Dolor cabeza, Neuralgia del Trig\\u00e9mino, Dolor cara, hIperactividad, autismo, autism, tratment autism, attention deficit, hyperativity, obsessive-compulsive, disorder OCD, Depression, anxiety, depresi\\u00f3n, ansiedad, TDAH, ADHD\",\"potentialAction\":[{\"@type\":\"SearchAction\",\"target\":\"https:\/\/www.hiperactividadmedicosypacientes.com\/?s={search_term_string}\",\"query-input\":\"required name=search_term_string\"}],\"inLanguage\":\"es\"},{\"@type\":\"ImageObject\",\"@id\":\"https:\/\/www.hiperactividadmedicosypacientes.com\/?p=609#primaryimage\",\"inLanguage\":\"es\",\"url\":\"https:\/\/www.hiperactividadmedicosypacientes.com\/wp-content\/uploads\/2018\/01\/FHS_4106_3.png\",\"width\":475,\"height\":363},{\"@type\":\"WebPage\",\"@id\":\"https:\/\/www.hiperactividadmedicosypacientes.com\/?p=609#webpage\",\"url\":\"https:\/\/www.hiperactividadmedicosypacientes.com\/?p=609\",\"name\":\"\\u201cEstamos ante una epidemia de diferentes tipos de Autismos. La obligaci\\u00f3n del cl\\u00ednico es diagnosticar su etiolog\\u00eda para que los pacientes puedan recibir un tratamiento adecuado\\u201d - Scientific portal supervised by physicians, Portal cient\\u00edfico supervisado por cl\\u00ednicos, Hiperactividad, TDAH, trastorno por hiperactividad, falta de atenci\\u00f3n, dolor, falta de concentraci\\u00f3n, problemas de salud, Inflammatory illnesess, autism, Hyperactivity, attention-deficit hyperactivity disorder, ADHD, Depression, depresion, Anxiety, ansiedad\",\"isPartOf\":{\"@id\":\"https:\/\/www.hiperactividadmedicosypacientes.com\/#website\"},\"primaryImageOfPage\":{\"@id\":\"https:\/\/www.hiperactividadmedicosypacientes.com\/?p=609#primaryimage\"},\"datePublished\":\"2018-01-13T11:15:21+00:00\",\"dateModified\":\"2018-01-13T12:18:15+00:00\",\"author\":{\"@id\":\"https:\/\/www.hiperactividadmedicosypacientes.com\/#\/schema\/person\/4798cee998cce7a4e0e468976d73fb0a\"},\"inLanguage\":\"es\",\"potentialAction\":[{\"@type\":\"ReadAction\",\"target\":[\"https:\/\/www.hiperactividadmedicosypacientes.com\/?p=609\"]}]},{\"@type\":\"Person\",\"@id\":\"https:\/\/www.hiperactividadmedicosypacientes.com\/#\/schema\/person\/4798cee998cce7a4e0e468976d73fb0a\",\"name\":\"Ignacio\",\"image\":{\"@type\":\"ImageObject\",\"@id\":\"https:\/\/www.hiperactividadmedicosypacientes.com\/#personlogo\",\"inLanguage\":\"es\",\"url\":\"https:\/\/secure.gravatar.com\/avatar\/bab4a1d93609674bbd58cc100563adc1?s=96&d=mm&r=g\",\"caption\":\"Ignacio\"}}]}<\/script>\n<!-- \/ Yoast SEO plugin. -->","_links":{"self":[{"href":"https:\/\/www.hiperactividadmedicosypacientes.com\/index.php?rest_route=\/wp\/v2\/posts\/609"}],"collection":[{"href":"https:\/\/www.hiperactividadmedicosypacientes.com\/index.php?rest_route=\/wp\/v2\/posts"}],"about":[{"href":"https:\/\/www.hiperactividadmedicosypacientes.com\/index.php?rest_route=\/wp\/v2\/types\/post"}],"author":[{"embeddable":true,"href":"https:\/\/www.hiperactividadmedicosypacientes.com\/index.php?rest_route=\/wp\/v2\/users\/2"}],"replies":[{"embeddable":true,"href":"https:\/\/www.hiperactividadmedicosypacientes.com\/index.php?rest_route=%2Fwp%2Fv2%2Fcomments&post=609"}],"version-history":[{"count":8,"href":"https:\/\/www.hiperactividadmedicosypacientes.com\/index.php?rest_route=\/wp\/v2\/posts\/609\/revisions"}],"predecessor-version":[{"id":614,"href":"https:\/\/www.hiperactividadmedicosypacientes.com\/index.php?rest_route=\/wp\/v2\/posts\/609\/revisions\/614"}],"wp:featuredmedia":[{"embeddable":true,"href":"https:\/\/www.hiperactividadmedicosypacientes.com\/index.php?rest_route=\/wp\/v2\/media\/610"}],"wp:attachment":[{"href":"https:\/\/www.hiperactividadmedicosypacientes.com\/index.php?rest_route=%2Fwp%2Fv2%2Fmedia&parent=609"}],"wp:term":[{"taxonomy":"category","embeddable":true,"href":"https:\/\/www.hiperactividadmedicosypacientes.com\/index.php?rest_route=%2Fwp%2Fv2%2Fcategories&post=609"},{"taxonomy":"post_tag","embeddable":true,"href":"https:\/\/www.hiperactividadmedicosypacientes.com\/index.php?rest_route=%2Fwp%2Fv2%2Ftags&post=609"}],"curies":[{"name":"wp","href":"https:\/\/api.w.org\/{rel}","templated":true}]}}