{"id":743,"date":"2018-12-24T10:49:13","date_gmt":"2018-12-24T10:49:13","guid":{"rendered":"http:\/\/www.hiperactividadmedicosypacientes.com\/?p=743"},"modified":"2018-12-24T10:58:00","modified_gmt":"2018-12-24T10:58:00","slug":"la-asociacion-espanola-de-pacientes-con-dolor-reclama-a-la-administracion-de-espana-que-retire-el-visado-para-acceder-a-los-parches-con-lidocaina","status":"publish","type":"post","link":"https:\/\/www.hiperactividadmedicosypacientes.com\/?p=743","title":{"rendered":"LA ASOCIACI\u00d3N ESPA\u00d1OLA DE PACIENTES CON DOLOR RECLAMA A LA ADMINISTRACI\u00d3N DE ESPA\u00d1A QUE RETIRE EL VISADO PARA ACCEDER A LOS PARCHES CON LIDOCAINA"},"content":{"rendered":"<p><span style=\"font-family: verdana,geneva,sans-serif; font-size: 14pt;\">Esta Asociaci\u00f3n, que re\u00fane a miles de pacientes que sufren dolor, lucha para evitar que la Administraci\u00f3n ponga \u201cla zancadilla\u201d a los pacientes que sufren dolor cr\u00f3nico<\/span><\/p>\n<p><span style=\"font-family: verdana,geneva,sans-serif; font-size: 14pt;\">. Llevamos una d\u00e9cada escuchando el mismo discurso por parte de la Administraci\u00f3n Espa\u00f1ola y los pacientes afectados siguen tardando m\u00e1s de un a\u00f1o en acceder a Unidades de Dolor en Espa\u00f1a<\/span><\/p>\n<p><!--more--><\/p>\n<p><span style=\"font-family: verdana,geneva,sans-serif; font-size: 14pt;\"><strong>Nota de Prensa Oficial. Madrid, 24\/12\/2019.-<\/strong> Recientemente, el Ministerio de Sanidad Consumo y Bienestar Social de Espa\u00f1a asign\u00f3 un visado especial para que los pacientes que sufren dolor postherp\u00e9tico puedan acceder a los parches de Lidocaina al 5% con indicaci\u00f3n cl\u00ednica, lo que significa que, adem\u00e1s, evita el acceso a este medicamento a aquellos pacientes que pudieran presentar otro tipo de dolor neurop\u00e1tico que no sea espec\u00edficamente de origen posherp\u00e9tico.<\/span><\/p>\n<p><span style=\"font-family: verdana,geneva,sans-serif; font-size: 14pt;\">Seg\u00fan indican algunos de nuestros cl\u00ednicos, hasta ahora, m\u00e1s de un 90% de estos parches de Lidocaina eran prescritos por los diferentes facultativos para tratar alg\u00fan tipo de dolor, como, por ejemplo, ocurre con los pacientes que presentan dolor postquir\u00fargico-neurop\u00e1tico y, siempre que este tratamiento demostrase su eficacia y eficiencia para el paciente.<\/span><\/p>\n<p><span style=\"font-family: verdana,geneva,sans-serif; font-size: 14pt;\">\u201cSe trata de un medicamento que, si el paciente no presenta ninguna intolerancia al principio activo anest\u00e9sico, no presenta efectos secundarios sist\u00e9micos como s\u00ed ocurre en el caso de otros f\u00e1rmacos que se prescriben para abordar el dolor. Estamos muy contentos de que se haya reducido su precio, pero el Gobierno est\u00e1 dificultando su acceso con otras medidas\u201d, declara el Doctor Salvador.<\/span><\/p>\n<p><span style=\"font-family: verdana,geneva,sans-serif; font-size: 14pt;\"><strong><span style=\"color: #993300;\">La Administraci\u00f3n Espa\u00f1ola recorta el acceso a medicamentos a pacientes que sufren dolor<\/span><\/strong><\/span><\/p>\n<p><span style=\"font-family: verdana,geneva,sans-serif; font-size: 14pt;\">Ignacio del Rio, Director de la Asociaci\u00f3n Espa\u00f1ola de Pacientes con Dolor Neurop\u00e1tico, en representaci\u00f3n de miles de pacientes que constituyen esta entidad SIN ANIMO DE LUCRO -donde su Presidente Cient\u00edfico y toda su Junta Directiva colaboran de forma voluntaria- expresa su malestar por esta noticia en representaci\u00f3n de todos los pacientes que sufren dolor y son miembros de nuestra entidad.<\/span><\/p>\n<p style=\"text-align: center;\"><img loading=\"lazy\" class=\"alignnone size-large wp-image-744\" src=\"http:\/\/www.hiperactividadmedicosypacientes.com\/wp-content\/uploads\/2018\/12\/MAR\u00cdA-JOS\u00c9G\u00d3MEZ-1024x523.jpg\" alt=\"\" width=\"612\" height=\"313\" srcset=\"https:\/\/www.hiperactividadmedicosypacientes.com\/wp-content\/uploads\/2018\/12\/MAR\u00cdA-JOS\u00c9G\u00d3MEZ-1024x523.jpg 1024w, https:\/\/www.hiperactividadmedicosypacientes.com\/wp-content\/uploads\/2018\/12\/MAR\u00cdA-JOS\u00c9G\u00d3MEZ-300x153.jpg 300w, https:\/\/www.hiperactividadmedicosypacientes.com\/wp-content\/uploads\/2018\/12\/MAR\u00cdA-JOS\u00c9G\u00d3MEZ-768x393.jpg 768w, https:\/\/www.hiperactividadmedicosypacientes.com\/wp-content\/uploads\/2018\/12\/MAR\u00cdA-JOS\u00c9G\u00d3MEZ.jpg 1299w\" sizes=\"(max-width: 612px) 100vw, 612px\" \/><\/p>\n<p style=\"text-align: center;\"><span style=\"font-family: verdana,geneva,sans-serif; font-size: 10pt;\">Mar\u00eda Jos\u00e9 G\u00f3mez, Portavoz de miles de pacientes de esta la Asociaci\u00f3n Espa\u00f1ola de Pacientes con Dolor Neurop\u00e1tico<\/span><\/p>\n<p><span style=\"font-family: verdana,geneva,sans-serif; font-size: 14pt;\">\u201cBastantes dificultades tienen ya los pacientes que presentan dolor diario en nuestro pa\u00eds, que en si misma se considera una patolog\u00eda para que, adem\u00e1s, se les pongan m\u00e1s dificultades a los pacientes, a los que los cl\u00ednicos intentan mejorar su calidad de vida. Existe una dejadez total por parte de la Administraci\u00f3n hacia los pacientes que sufren dolor y, la prueba es que un paciente puede tardar m\u00e1s de un a\u00f1o en nuestro Sistema de Salud en alcanzar la Unidad de Dolor y recibir tratamiento\u201d, afirman fuentes de la Junta Directiva de esta entidad, creada en el 2006, por profesionales afectados y profesionales sanitarios colegiados.<\/span><\/p>\n<p><span style=\"color: #993300; font-family: verdana,geneva,sans-serif; font-size: 14pt;\"><strong>Hay que evitar con todos los recursos que el Dolor se convierta en cr\u00f3nico<\/strong><\/span><\/p>\n<p><span style=\"font-family: verdana,geneva,sans-serif; font-size: 14pt;\">De hecho, recientemente el Doctor Cesar Margarit present\u00f3 en unas jornadas en Madrid un estudio Europeo que revela que los pacientes que sufren dolor cr\u00f3nico severo, seg\u00fan la escala EVA con una puntuaci\u00f3n de m\u00e1s de 6, tienen peor calidad de vida que los pacientes oncol\u00f3gicos que no est\u00e1n en fase paliativa, coment\u00f3 este cl\u00ednico.<\/span><\/p>\n<p><span style=\"color: #993300; font-family: verdana,geneva,sans-serif; font-size: 14pt;\"><strong>En Espa\u00f1a algunas administraciones est\u00e1n ahorrando por encima de la salud del paciente<\/strong><\/span><\/p>\n<p><span style=\"font-family: verdana,geneva,sans-serif; font-size: 14pt;\">Respecto al Dolor Neurop\u00e1tico, el Doctor Salvador, opina que su tratamiento es muy espec\u00edfico y requiere expertos en su abordaje. \u201cComo cl\u00ednico no entiendo que si hay un parche de Lidocaina que puede ayudar a un paciente que presenta dolor neurop\u00e1tico, o cualquier medicamento \u2013el que sea- el paciente no tenga acceso al mismo porque su indicaci\u00f3n sea exclusivamente para el dolor postherp\u00e9tico, y encima ahora, se le a\u00f1ada una complicaci\u00f3n m\u00e1s con un visado. Como cl\u00ednicos NO entendemos esta situaci\u00f3n. Adem\u00e1s, en el caso de este medicamento no ocurre como con la morfina que, en nuestra opini\u00f3n, NO se debe utilizar para tratar el dolor cr\u00f3nico benigno, porque, aunque sea muy barata, puede crear adicciones y efectos secundarios severos y peligrosos para la salud del paciente\u201d, resalta este Doctor.<\/span><\/p>\n<p><span style=\"color: #993300; font-family: verdana,geneva,sans-serif; font-size: 14pt;\"><strong>A favor de un menor precio en todos los medicamentos<\/strong><\/span><\/p>\n<p><span style=\"font-family: verdana,geneva,sans-serif; font-size: 14pt;\">\u201cNos parece estupendo que la Administraci\u00f3n baje el precio de todos los medicamentos para abordar el dolor en nuestro pa\u00eds. Como cl\u00ednicos expresamos nuestra enhorabuena con la rebaja de los precios de cualquier medicamento al igual que piensan otras Sociedades Cient\u00edficas. As\u00ed se debe ahorrar, pero nunca a\u00f1adiendo un visado que dificulta el acceso a un medicamento que puede ayudar a aliviar el dolor de un paciente sin importantes efectos secundarios siempre que el paciente no presente alergias o intolerancias a este anest\u00e9sico\u201d, afirma este experto.<\/span><\/p>\n<p><span style=\"font-family: verdana,geneva,sans-serif; font-size: 14pt;\"><strong><span style=\"color: #993300;\">M\u00e1s de una d\u00e9cada escuchando el mismo discurso a los diferentes Ministros de Sanidad<\/span><\/strong><\/span><\/p>\n<p><span style=\"font-family: verdana,geneva,sans-serif; font-size: 14pt;\">\u201c\u00bfPero c\u00f3mo se puede consentir esta situaci\u00f3n en Espa\u00f1a?\u201d, y, a\u00f1ade, \u201c\u00bfDe qu\u00e9 sirven las reuniones con el Ministerio de Sanidad? Llevamos una d\u00e9cada sufriendo la misma situaci\u00f3n en la que el paciente en Espa\u00f1a tarda un a\u00f1o en acceder a Unidades de Dolor, comentan en la Junta Directiva de esta entidad.<\/span><\/p>\n<p><span style=\"font-family: verdana,geneva,sans-serif; font-size: 14pt;\">De hecho, a grandes problemas, grandes soluciones, esta entidad cuenta con un Comit\u00e9 de Expertos que ejercen en otros pa\u00edses. \u201cEntre que no se trata bien a nuestros m\u00e9dicos y tampoco a los pacientes, nos parece que primero est\u00e1 habiendo una emigraci\u00f3n de especialistas a otros pa\u00edses y, ya estamos formando a pacientes en sus propias patolog\u00edas para que elijan donde tratarse, porque en Espa\u00f1a el dolor cr\u00f3nico benigno se puede convertir en cr\u00f3nico al no diagnosticarse de forma adecuada a tiempo, se\u00f1alan fuentes del Comit\u00e9 Cl\u00ednico de esta ONG.<\/span><\/p>\n<p><span style=\"color: #993300; font-family: verdana,geneva,sans-serif; font-size: 14pt;\"><strong>Algunos de los cl\u00ednicos que trabajan en la Sanidad P\u00fablica sufren presiones farmacoecon\u00f3micas y pol\u00edticas<\/strong><\/span><\/p>\n<p><span style=\"font-family: verdana,geneva,sans-serif; font-size: 14pt;\">Los miembros cl\u00ednicos del Comit\u00e9 Cient\u00edfico de esta Asociaci\u00f3n se encuentran en otros pa\u00edses y alguno est\u00e1 en Espa\u00f1a. Sus declaraciones son radicales \u201cSi el paciente presenta una respuesta positiva al medicamento debe poder acceder con equidad al medicamento que su cl\u00ednico le prescriba, sin sufrir este profesional presiones pol\u00edticas, como hemos detectado que est\u00e1 ocurriendo actualmente en Espa\u00f1a que es alarmante en el tratamiento del dolor\u201d, explican fuentes del Comit\u00e9 Cient\u00edfico de esta entidad.<\/span><\/p>\n<p><span style=\"color: #993300; font-family: verdana,geneva,sans-serif; font-size: 14pt;\"><strong>M\u00e1s de una d\u00e9cada reclamando una respuesta por parte de la Administraci\u00f3n espa\u00f1ola<\/strong><\/span><\/p>\n<p><span style=\"font-family: verdana,geneva,sans-serif; font-size: 14pt;\">Mar\u00eda Jos\u00e9 G\u00f3mez, portavoz de pacientes de esta Asociaci\u00f3n comenta: \u201cNuestra Junta Directiva lleva una d\u00e9cada leyendo que todos nuestros Ministros de Sanidad han estado y est\u00e1n muy preocupados por la falta de especialistas cl\u00ednicos en Espa\u00f1a. Estar preocupado no sirve para nada. El problema es que qui\u00e9n Gobierna no tiene ninguna autoridad sobre las competencias de salud delegadas en cada una de las Comunidades Aut\u00f3nomas. Debe resultar aburrido soltar siempre el mismo discurso sin que el Gobierno presente soluciones. Deber\u00edan centralizar el gasto sanitario, pero esto no le interesa a nuestro Gobierno\u201d, se\u00f1ala esta portavoz de pacientes afectados.<\/span><\/p>\n<p><span style=\"color: #993300; font-family: verdana,geneva,sans-serif; font-size: 14pt;\"><strong>Cl\u00ednicos y pacientes formados<\/strong><\/span><\/p>\n<p><span style=\"font-family: verdana,geneva,sans-serif; font-size: 14pt;\">Esta portavoz a\u00f1ade \u201cA grandes males, grandes remedios. En Espa\u00f1a muchos cl\u00ednicos que trabajan en el Sistema Nacional de Salud est\u00e1n totalmente presionados y no pueden prescribir con normalidad el medicamento m\u00e1s adecuado para sus pacientes porque se juegan el puesto. Y, as\u00ed nos lo confiesan a los pacientes fuera de consulta. Al fin y al cabo los cl\u00ednicos que trabajan en nuestro Sistema de Salud son funcionarios al servicio del Estado, que tambi\u00e9n tienen familias que mantener. Trabajan bajo una censura educada\u201d, se\u00f1ala una de las portavoces de esta entidad.<\/span><\/p>\n<p><span style=\"font-family: verdana,geneva,sans-serif; font-size: 14pt;\">Los especialistas m\u00e9dicos advierten a la poblaci\u00f3n espa\u00f1ola que observen que en los hospitales p\u00fablicos se aplica la escala oficial de f\u00e1rmacos que para eso existen las Gu\u00edas de tratamiento y abordaje del Dolor. De lo contrario, se est\u00e1 cometiendo una negligencia m\u00e9dica. Mar\u00eda Huerta, Coordinadora entre pacientes y cl\u00ednicos en esta Asociaci\u00f3n, comenta como lleva a\u00f1os \u2013y no son casos aislados sino lo normal- donde el paciente pasa de recibir un analg\u00e9sico anti-inflamatorio a recibir m\u00f3rficos. \u201cEstamos comprobando que muchos cl\u00ednicos que trabajan en la sanidad p\u00fablica se sienten presionados por sus Gerentes para reducir el coste sanitario, seg\u00fan nos informan los propios facultativos. Por lo tanto, como educadores sanitarios titulados y de la mano de nuestros cl\u00ednicos voluntarios estamos formando a los pacientes para que intenten no quedarse estancados en las Unidades de Dolor eternamente -siempre que el paciente presente un dolor cr\u00f3nico benigno y tenga alguna viabilidad para salir de esa Unidad-,\u201d se\u00f1alan la Junta Directiva de esta entidad.<\/span><\/p>\n<p><span style=\"color: #993300; font-family: verdana,geneva,sans-serif; font-size: 14pt;\"><strong>Presi\u00f3n y censura en el sector Sanitario<\/strong><\/span><\/p>\n<p><span style=\"font-family: verdana,geneva,sans-serif; font-size: 14pt;\">Algunos de nuestros periodistas sanitarios, registrados en ANIS, comprueban como algunos doctores que ejercen en la Sanidad P\u00fablica est\u00e1n sufriendo una censura mayor que antes de 1973. Y, luego, nuestra Ministra de Sanidad se queja en todos los medios de comunicaci\u00f3n de que no hay m\u00e9dicos suficientes.<\/span><\/p>\n<p><span style=\"font-family: verdana,geneva,sans-serif; font-size: 14pt;\">Mar\u00eda Huerta, Directora de esta entidad revela que un 70% de los miembros del Comit\u00e9 Cient\u00edfico de esta entidad trabaja desde otros pa\u00edses de Europa. \u201cNuestros cl\u00ednicos espa\u00f1oles agradecen el haber recibido una excelente formaci\u00f3n p\u00fablica en Espa\u00f1a para poder ejercer en otros pa\u00edses. Ahora ellos junto a educadores sanitarios colegiados estamos formando a los pacientes que sufren dolor para evitar \u2013en la medida que podamos- que su dolor se cronifique\u201d, explica.<\/span><\/p>\n<p><span style=\"font-family: verdana,geneva,sans-serif; font-size: 14pt;\">Durante el mes de Diciembre del 2018, se celebr\u00f3 una jornada en el Congreso de los Diputados, en la que varios expertos en el tratamiento del dolor comentaron los resultados de un estudio en el que se mostr\u00f3 que el dolor cr\u00f3nico se est\u00e1 convirtiendo en una epidemia.<\/span><\/p>\n<p><span style=\"font-family: verdana,geneva,sans-serif; font-size: 14pt;\">El Doctor Juan Antonio Mico, Presidente de la SED, declar\u00f3 recientemente, que es urgente la necesidad de crear m\u00e1s Unidades de Dolor en el Sistema Nacional de Salud. \u201cEl 62% de los pacientes que sufren dolor no han sido nunca derivados y, de los que s\u00ed han sido derivados, el 69% tard\u00f3 m\u00e1s de un a\u00f1o en acceder a la Unidad del Dolor y el 31% m\u00e1s de cinco a\u00f1os. La media de edad del paciente afectado por esta enfermedad es de 46 a\u00f1os. A lo que se suma que el 70% de los pacientes que sufren dolor sufren tambi\u00e9n ansiedad o depresi\u00f3n\u201d, explic\u00f3 este cl\u00ednico.<\/span><\/p>\n<p><span style=\"font-family: verdana,geneva,sans-serif; font-size: 14pt;\">Departamento de Prensa de AEPA ATM. Periodistas registrados en ANIS<\/span><br \/>\n<span style=\"font-family: verdana,geneva,sans-serif; font-size: 14pt;\">Para m\u00e1s informaci\u00f3n, departamento de Prensa:<\/span><br \/>\n<span style=\"font-family: verdana,geneva,sans-serif; font-size: 14pt;\">91 733 30 38 \/ 638 98 97 69<\/span><br \/>\n<span style=\"font-family: verdana,geneva,sans-serif; font-size: 14pt;\">Facebook: dolorneuropatico<\/span><br \/>\n<span style=\"font-family: verdana,geneva,sans-serif; font-size: 14pt;\">Twitter: @AEPAATM<\/span><br \/>\n<span style=\"font-family: verdana,geneva,sans-serif; font-size: 14pt;\">Web: www.pacientesatm.com<\/span><br \/>\n<span style=\"font-family: verdana,geneva,sans-serif; font-size: 14pt;\">Instagram: @alianzacontraeldolor<\/span><br \/>\n<span style=\"font-family: verdana,geneva,sans-serif; font-size: 14pt;\">Youtube: infoAEPA<\/span><\/p>\n","protected":false},"excerpt":{"rendered":"<p>Esta Asociaci\u00f3n, que re\u00fane a miles de pacientes que sufren dolor, lucha para evitar que la Administraci\u00f3n ponga \u201cla zancadilla\u201d a los pacientes que sufren dolor cr\u00f3nico . Llevamos una d\u00e9cada escuchando el mismo discurso por parte de la Administraci\u00f3n Espa\u00f1ola y los pacientes afectados siguen tardando m\u00e1s de un a\u00f1o en acceder a Unidades [&hellip;]<\/p>\n","protected":false},"author":2,"featured_media":744,"comment_status":"closed","ping_status":"open","sticky":false,"template":"","format":"standard","meta":[],"categories":[2],"tags":[],"yoast_head":"<!-- This site is optimized with the Yoast SEO plugin v15.1.1 - https:\/\/yoast.com\/wordpress\/plugins\/seo\/ -->\n<meta name=\"robots\" content=\"noindex, follow, max-snippet:-1, max-image-preview:large, max-video-preview:-1\" \/>\n<meta property=\"og:locale\" content=\"es_ES\" \/>\n<meta property=\"og:type\" content=\"article\" \/>\n<meta property=\"og:title\" content=\"LA ASOCIACI\u00d3N ESPA\u00d1OLA DE PACIENTES CON DOLOR RECLAMA A LA ADMINISTRACI\u00d3N DE ESPA\u00d1A QUE RETIRE EL VISADO PARA ACCEDER A LOS PARCHES CON LIDOCAINA - Scientific portal supervised by physicians, Portal cient\u00edfico supervisado por cl\u00ednicos, Hiperactividad, TDAH, trastorno por hiperactividad, falta de atenci\u00f3n, dolor, falta de concentraci\u00f3n, problemas de salud, Inflammatory illnesess, autism, Hyperactivity, attention-deficit hyperactivity disorder, ADHD, Depression, depresion, Anxiety, ansiedad\" \/>\n<meta property=\"og:description\" content=\"Esta Asociaci\u00f3n, que re\u00fane a miles de pacientes que sufren dolor, lucha para evitar que la Administraci\u00f3n ponga \u201cla zancadilla\u201d a los pacientes que sufren dolor cr\u00f3nico . Llevamos una d\u00e9cada escuchando el mismo discurso por parte de la Administraci\u00f3n Espa\u00f1ola y los pacientes afectados siguen tardando m\u00e1s de un a\u00f1o en acceder a Unidades [&hellip;]\" \/>\n<meta property=\"og:url\" content=\"https:\/\/www.hiperactividadmedicosypacientes.com\/?p=743\" \/>\n<meta property=\"og:site_name\" content=\"Scientific portal supervised by physicians, Portal cient\u00edfico supervisado por cl\u00ednicos, Hiperactividad, TDAH, trastorno por hiperactividad, falta de atenci\u00f3n, dolor, falta de concentraci\u00f3n, problemas de salud, Inflammatory illnesess, autism, Hyperactivity, attention-deficit hyperactivity disorder, ADHD, Depression, depresion, Anxiety, ansiedad\" \/>\n<meta property=\"article:published_time\" content=\"2018-12-24T10:49:13+00:00\" \/>\n<meta property=\"article:modified_time\" content=\"2018-12-24T10:58:00+00:00\" \/>\n<meta property=\"og:image\" content=\"https:\/\/www.hiperactividadmedicosypacientes.com\/wp-content\/uploads\/2018\/12\/MAR\u00cdA-JOS\u00c9G\u00d3MEZ.jpg\" \/>\n\t<meta property=\"og:image:width\" content=\"1299\" \/>\n\t<meta property=\"og:image:height\" content=\"664\" \/>\n<meta name=\"twitter:card\" content=\"summary_large_image\" \/>\n<script type=\"application\/ld+json\" class=\"yoast-schema-graph\">{\"@context\":\"https:\/\/schema.org\",\"@graph\":[{\"@type\":\"WebSite\",\"@id\":\"https:\/\/www.hiperactividadmedicosypacientes.com\/#website\",\"url\":\"https:\/\/www.hiperactividadmedicosypacientes.com\/\",\"name\":\"Scientific portal supervised by physicians, Portal cient\\u00edfico supervisado por cl\\u00ednicos, Hiperactividad, TDAH, trastorno por hiperactividad, falta de atenci\\u00f3n, dolor, falta de concentraci\\u00f3n, problemas de salud, Inflammatory illnesess, autism, Hyperactivity, attention-deficit hyperactivity disorder, ADHD, Depression, depresion, Anxiety, ansiedad\",\"description\":\"D\\u00e9ficit de Atenci\\u00f3n e Hiperactividad, Hiperactividad, Deficit atenci\\u00f3n, Dolor Neurop\\u00e1tico; Migra\\u00f1a; Dolor cabeza, Neuralgia del Trig\\u00e9mino, Dolor cara, hIperactividad, autismo, autism, tratment autism, attention deficit, hyperativity, obsessive-compulsive, disorder OCD, Depression, anxiety, depresi\\u00f3n, ansiedad, TDAH, ADHD\",\"potentialAction\":[{\"@type\":\"SearchAction\",\"target\":\"https:\/\/www.hiperactividadmedicosypacientes.com\/?s={search_term_string}\",\"query-input\":\"required name=search_term_string\"}],\"inLanguage\":\"es\"},{\"@type\":\"ImageObject\",\"@id\":\"https:\/\/www.hiperactividadmedicosypacientes.com\/?p=743#primaryimage\",\"inLanguage\":\"es\",\"url\":\"https:\/\/www.hiperactividadmedicosypacientes.com\/wp-content\/uploads\/2018\/12\/MAR\\u00cdA-JOS\\u00c9G\\u00d3MEZ.jpg\",\"width\":1299,\"height\":664},{\"@type\":\"WebPage\",\"@id\":\"https:\/\/www.hiperactividadmedicosypacientes.com\/?p=743#webpage\",\"url\":\"https:\/\/www.hiperactividadmedicosypacientes.com\/?p=743\",\"name\":\"LA ASOCIACI\\u00d3N ESPA\\u00d1OLA DE PACIENTES CON DOLOR RECLAMA A LA ADMINISTRACI\\u00d3N DE ESPA\\u00d1A QUE RETIRE EL VISADO PARA ACCEDER A LOS PARCHES CON LIDOCAINA - Scientific portal supervised by physicians, Portal cient\\u00edfico supervisado por cl\\u00ednicos, Hiperactividad, TDAH, trastorno por hiperactividad, falta de atenci\\u00f3n, dolor, falta de concentraci\\u00f3n, problemas de salud, Inflammatory illnesess, autism, Hyperactivity, attention-deficit hyperactivity disorder, ADHD, Depression, depresion, Anxiety, ansiedad\",\"isPartOf\":{\"@id\":\"https:\/\/www.hiperactividadmedicosypacientes.com\/#website\"},\"primaryImageOfPage\":{\"@id\":\"https:\/\/www.hiperactividadmedicosypacientes.com\/?p=743#primaryimage\"},\"datePublished\":\"2018-12-24T10:49:13+00:00\",\"dateModified\":\"2018-12-24T10:58:00+00:00\",\"author\":{\"@id\":\"https:\/\/www.hiperactividadmedicosypacientes.com\/#\/schema\/person\/4798cee998cce7a4e0e468976d73fb0a\"},\"inLanguage\":\"es\",\"potentialAction\":[{\"@type\":\"ReadAction\",\"target\":[\"https:\/\/www.hiperactividadmedicosypacientes.com\/?p=743\"]}]},{\"@type\":\"Person\",\"@id\":\"https:\/\/www.hiperactividadmedicosypacientes.com\/#\/schema\/person\/4798cee998cce7a4e0e468976d73fb0a\",\"name\":\"Ignacio\",\"image\":{\"@type\":\"ImageObject\",\"@id\":\"https:\/\/www.hiperactividadmedicosypacientes.com\/#personlogo\",\"inLanguage\":\"es\",\"url\":\"https:\/\/secure.gravatar.com\/avatar\/bab4a1d93609674bbd58cc100563adc1?s=96&d=mm&r=g\",\"caption\":\"Ignacio\"}}]}<\/script>\n<!-- \/ Yoast SEO plugin. -->","_links":{"self":[{"href":"https:\/\/www.hiperactividadmedicosypacientes.com\/index.php?rest_route=\/wp\/v2\/posts\/743"}],"collection":[{"href":"https:\/\/www.hiperactividadmedicosypacientes.com\/index.php?rest_route=\/wp\/v2\/posts"}],"about":[{"href":"https:\/\/www.hiperactividadmedicosypacientes.com\/index.php?rest_route=\/wp\/v2\/types\/post"}],"author":[{"embeddable":true,"href":"https:\/\/www.hiperactividadmedicosypacientes.com\/index.php?rest_route=\/wp\/v2\/users\/2"}],"replies":[{"embeddable":true,"href":"https:\/\/www.hiperactividadmedicosypacientes.com\/index.php?rest_route=%2Fwp%2Fv2%2Fcomments&post=743"}],"version-history":[{"count":10,"href":"https:\/\/www.hiperactividadmedicosypacientes.com\/index.php?rest_route=\/wp\/v2\/posts\/743\/revisions"}],"predecessor-version":[{"id":754,"href":"https:\/\/www.hiperactividadmedicosypacientes.com\/index.php?rest_route=\/wp\/v2\/posts\/743\/revisions\/754"}],"wp:featuredmedia":[{"embeddable":true,"href":"https:\/\/www.hiperactividadmedicosypacientes.com\/index.php?rest_route=\/wp\/v2\/media\/744"}],"wp:attachment":[{"href":"https:\/\/www.hiperactividadmedicosypacientes.com\/index.php?rest_route=%2Fwp%2Fv2%2Fmedia&parent=743"}],"wp:term":[{"taxonomy":"category","embeddable":true,"href":"https:\/\/www.hiperactividadmedicosypacientes.com\/index.php?rest_route=%2Fwp%2Fv2%2Fcategories&post=743"},{"taxonomy":"post_tag","embeddable":true,"href":"https:\/\/www.hiperactividadmedicosypacientes.com\/index.php?rest_route=%2Fwp%2Fv2%2Ftags&post=743"}],"curies":[{"name":"wp","href":"https:\/\/api.w.org\/{rel}","templated":true}]}}